{"id":3157,"date":"2025-12-19T12:44:47","date_gmt":"2025-12-19T11:44:47","guid":{"rendered":"https:\/\/www.mba.magellan-institute.com\/?p=3157"},"modified":"2025-12-19T13:38:46","modified_gmt":"2025-12-19T12:38:46","slug":"financer-votre-mba-les-dispositifs-adaptes-a-votre-situation","status":"publish","type":"post","link":"https:\/\/www.mba.magellan-institute.com\/en\/financer-votre-mba-les-dispositifs-adaptes-a-votre-situation\/","title":{"rendered":"Financing your MBA: schemes tailored to your situation"},"content":{"rendered":"<div data-elementor-type=\"wp-post\" data-elementor-id=\"3157\" class=\"elementor elementor-3157\" data-elementor-post-type=\"post\">\n\t\t\t\t<div data-particle_enable=\"false\" data-particle-mobile-disabled=\"false\" class=\"elementor-element elementor-element-0d7dc70 e-flex e-con-boxed e-con e-parent\" data-id=\"0d7dc70\" data-element_type=\"container\">\n\t\t\t\t\t<div class=\"e-con-inner\">\n\t\t\t\t<div class=\"elementor-element elementor-element-31f215c elementor-widget elementor-widget-text-editor\" data-id=\"31f215c\" data-element_type=\"widget\" data-widget_type=\"text-editor.default\">\n\t\t\t\t<div class=\"elementor-widget-container\">\n\t\t\t\t\t\t\t\t\t<p>Vous envisagez de suivre un MBA \u00e0 l&rsquo;Institut Magellan ? Plusieurs dispositifs de financement existent selon votre situation professionnelle. Cette page vous pr\u00e9sente les principales options disponibles et les d\u00e9marches \u00e0 entreprendre pour concr\u00e9tiser votre projet.<\/p>\t\t\t\t\t\t\t\t<\/div>\n\t\t\t\t<\/div>\n\t\t\t\t<div class=\"elementor-element elementor-element-5046c43 elementor-widget elementor-widget-heading\" data-id=\"5046c43\" data-element_type=\"widget\" data-widget_type=\"heading.default\">\n\t\t\t\t<div class=\"elementor-widget-container\">\n\t\t\t\t\t<h2 class=\"elementor-heading-title elementor-size-default\">Quels dispositifs mobiliser pour financer votre MBA ?\n<\/h2>\t\t\t\t<\/div>\n\t\t\t\t<\/div>\n\t\t\t\t<div class=\"elementor-element elementor-element-113e7ec elementor-widget elementor-widget-text-editor\" data-id=\"113e7ec\" data-element_type=\"widget\" data-widget_type=\"text-editor.default\">\n\t\t\t\t<div class=\"elementor-widget-container\">\n\t\t\t\t\t\t\t\t\t<p class=\"font-claude-response-body break-words whitespace-normal leading-[1.7]\"><strong>\u00c0 titre individuel<\/strong>, vous pouvez financer votre formation par :<\/p><ul class=\"[li_&amp;]:mb-0 [li_&amp;]:mt-1.5 [li_&amp;]:gap-1.5 [&amp;:not(:last-child)_ul]:pb-1 [&amp;:not(:last-child)_ol]:pb-1 list-disc flex flex-col gap-2 pl-8 mb-3\"><li class=\"whitespace-normal break-words pl-2\">Un financement personnel ou pr\u00eat bancaire : le r\u00e8glement de la formation est \u00e9chelonn\u00e9 sur toute la dur\u00e9e de la formation d&rsquo;octobre \u00e0 ao\u00fbt, selon un calendrier de paiement \u00e0 d\u00e9finir avec l&rsquo;Institut.<\/li><li class=\"whitespace-normal break-words pl-2\">Votre Compte personnel de formation (CPF) : le CPF peut \u00eatre mobilis\u00e9, \u00e0 votre initiative uniquement, pour financer une partie de votre formation.<\/li><\/ul><p><strong><br \/>Si vous \u00eates salari\u00e9(e) de votre entreprise<\/strong>, vous pouvez actionner :<\/p><ul class=\"[li_&amp;]:mb-0 [li_&amp;]:mt-1.5 [li_&amp;]:gap-1.5 [&amp;:not(:last-child)_ul]:pb-1 [&amp;:not(:last-child)_ol]:pb-1 list-disc flex flex-col gap-2 pl-8 mb-3\"><li class=\"whitespace-normal break-words pl-2\">Le Plan de d\u00e9veloppement des comp\u00e9tences : parlez de votre projet \u00e0 vos managers et responsables RH : votre formation pourrait entrer dans le cadre du plan de D\u00e9veloppement des comp\u00e9tences de votre entreprise. Une convention pluriannuelle de formation sera alors \u00e9tablie avec votre entreprise.<\/li><li class=\"whitespace-normal break-words pl-2\">Un Projet de transition professionnelle (PTP) : Le PTP est un dispositif li\u00e9 au compte CPF. Il permet de financer une formation (de reconversion) tout en b\u00e9n\u00e9ficiant du maintien de la r\u00e9mun\u00e9ration.<\/li><\/ul><p class=\"font-claude-response-body break-words whitespace-normal leading-[1.7]\">Plus d&rsquo;informations sur le site du <a href=\"https:\/\/www.service-public.fr\/particuliers\/vosdroits\/F14018\" target=\"_blank\" rel=\"noopener\">service public<\/a>.<\/p><p class=\"font-claude-response-body break-words whitespace-normal leading-[1.7]\">N&rsquo;h\u00e9sitez pas \u00e0 prendre contact avec nous pour faciliter vos d\u00e9marches !<\/p><p class=\"font-claude-response-body break-words whitespace-normal leading-[1.7]\"><strong>If you have left your company, are transitioning careers, and\/or are registered with France Travail<\/strong> :<\/p><ul class=\"[li_&amp;]:mb-0 [li_&amp;]:mt-1.5 [li_&amp;]:gap-1.5 [&amp;:not(:last-child)_ul]:pb-1 [&amp;:not(:last-child)_ol]:pb-1 list-disc flex flex-col gap-2 pl-8 mb-3\"><li class=\"whitespace-normal break-words pl-2\">Your France Travail advisor will guide you through the funding options available.<\/li><\/ul><p class=\"font-claude-response-body break-words whitespace-normal leading-[1.7]\">Plus d&rsquo;informations sur <a href=\"https:\/\/www.pole-emploi.fr\/candidat\/en-formation\/mes-aides-financieres\/jai-repere-des-formations-intere.html\" target=\"_blank\" rel=\"noopener\">France Travail<\/a>.\u00a0<\/p><p class=\"font-claude-response-body break-words whitespace-normal leading-[1.7]\">N&rsquo;h\u00e9sitez pas \u00e0 prendre contact avec nous pour faciliter vos d\u00e9marches !<\/p><p class=\"font-claude-response-body break-words whitespace-normal leading-[1.7]\"><strong>Vous pouvez financer votre formation par alternance<\/strong> (contrat de professionnalisation uniquement) :<\/p><ul class=\"[li_&amp;]:mb-0 [li_&amp;]:mt-1.5 [li_&amp;]:gap-1.5 [&amp;:not(:last-child)_ul]:pb-1 [&amp;:not(:last-child)_ol]:pb-1 list-disc flex flex-col gap-2 pl-8 mb-3\"><li class=\"whitespace-normal break-words pl-2\">Il vous faut trouver votre entreprise d&rsquo;accueil d&rsquo;ici le 30 juin 2026.<\/li><\/ul><p class=\"font-claude-response-body break-words whitespace-normal leading-[1.7]\">Contactez-nous pour \u00e9tudier cette possibilit\u00e9.<\/p><p class=\"font-claude-response-body break-words whitespace-normal leading-[1.7]\"><strong>Accessibilit\u00e9 :<\/strong><\/p><p class=\"font-claude-response-body break-words whitespace-normal leading-[1.7]\">Si vous \u00eates en situation de handicap, nous nous tenons \u00e0 votre disposition pour vous informer sur les acc\u00e8s possibles et vous proposer un am\u00e9nagement lors de votre accompagnement. Contactez notre r\u00e9f\u00e9rente handicap Odile Thesmar pour en parler : <a class=\"underline underline underline-offset-2 decoration-1 decoration-current\/40 hover:decoration-current focus:decoration-current\" href=\"mailto:odile.thesmar@magellan-network.com\">odile.thesmar@magellan-network.com<\/a><\/p>\t\t\t\t\t\t\t\t<\/div>\n\t\t\t\t<\/div>\n\t\t\t\t\t<\/div>\n\t\t\t\t<\/div>\n\t\t\t\t<\/div>","protected":false},"excerpt":{"rendered":"<p>Vous envisagez de suivre un MBA \u00e0 l&rsquo;Institut Magellan ? Plusieurs dispositifs de financement existent selon votre situation professionnelle. Cette page vous pr\u00e9sente les principales options disponibles et les d\u00e9marches \u00e0 entreprendre pour concr\u00e9tiser votre projet. Quels dispositifs mobiliser pour financer votre MBA ? \u00c0 titre individuel, vous pouvez financer votre formation par : Un [&hellip;]<\/p>","protected":false},"author":3,"featured_media":3174,"comment_status":"open","ping_status":"open","sticky":false,"template":"","format":"standard","meta":{"_acf_changed":false,"footnotes":""},"categories":[11],"tags":[],"class_list":["post-3157","post","type-post","status-publish","format-standard","has-post-thumbnail","hentry","category-faq"],"acf":[],"yoast_head":"<!-- This site is optimized with the Yoast SEO plugin v26.7 - https:\/\/yoast.com\/wordpress\/plugins\/seo\/ -->\n<title>Financer votre MBA : les dispositifs adapt\u00e9s \u00e0 votre situation - MBA Magellan<\/title>\n<meta name=\"description\" content=\"D\u00e9couvrez tous les dispositifs pour financer votre MBA : CPF, plan de d\u00e9veloppement des comp\u00e9tences, alternance, aides France Travail.\" \/>\n<meta name=\"robots\" content=\"index, follow, max-snippet:-1, max-image-preview:large, max-video-preview:-1\" \/>\n<link rel=\"canonical\" href=\"https:\/\/www.mba.magellan-institute.com\/en\/financer-votre-mba-les-dispositifs-adaptes-a-votre-situation\/\" \/>\n<meta property=\"og:locale\" content=\"en_US\" \/>\n<meta property=\"og:type\" content=\"article\" \/>\n<meta property=\"og:title\" content=\"Financer votre MBA : les dispositifs adapt\u00e9s \u00e0 votre situation - MBA Magellan\" \/>\n<meta property=\"og:description\" content=\"D\u00e9couvrez tous les dispositifs pour financer votre MBA : CPF, plan de d\u00e9veloppement des comp\u00e9tences, alternance, aides France Travail.\" \/>\n<meta property=\"og:url\" content=\"https:\/\/www.mba.magellan-institute.com\/en\/financer-votre-mba-les-dispositifs-adaptes-a-votre-situation\/\" \/>\n<meta property=\"og:site_name\" content=\"MBA Magellan\" \/>\n<meta property=\"article:published_time\" content=\"2025-12-19T11:44:47+00:00\" \/>\n<meta property=\"article:modified_time\" content=\"2025-12-19T12:38:46+00:00\" \/>\n<meta property=\"og:image\" content=\"https:\/\/www.mba.magellan-institute.com\/wp-content\/uploads\/sites\/2\/2025\/12\/1-1-scaled-1.jpg\" \/>\n\t<meta property=\"og:image:width\" content=\"2560\" \/>\n\t<meta property=\"og:image:height\" content=\"1707\" \/>\n\t<meta property=\"og:image:type\" content=\"image\/jpeg\" \/>\n<meta name=\"author\" content=\"Mathilde de Verdun\" \/>\n<meta name=\"twitter:card\" content=\"summary_large_image\" \/>\n<meta name=\"twitter:label1\" content=\"Written by\" \/>\n\t<meta name=\"twitter:data1\" content=\"Mathilde de Verdun\" \/>\n\t<meta name=\"twitter:label2\" content=\"Est. reading time\" \/>\n\t<meta name=\"twitter:data2\" content=\"2 minutes\" \/>\n<script type=\"application\/ld+json\" class=\"yoast-schema-graph\">{\"@context\":\"https:\/\/schema.org\",\"@graph\":[{\"@type\":\"Article\",\"@id\":\"https:\/\/www.mba.magellan-institute.com\/financer-votre-mba-les-dispositifs-adaptes-a-votre-situation\/#article\",\"isPartOf\":{\"@id\":\"https:\/\/www.mba.magellan-institute.com\/financer-votre-mba-les-dispositifs-adaptes-a-votre-situation\/\"},\"author\":{\"name\":\"Mathilde de Verdun\",\"@id\":\"https:\/\/www.mba.magellan-institute.com\/#\/schema\/person\/eda673bef1767e51f80fbb7f182dc48b\"},\"headline\":\"Financer votre MBA : les dispositifs adapt\u00e9s \u00e0 votre situation\",\"datePublished\":\"2025-12-19T11:44:47+00:00\",\"dateModified\":\"2025-12-19T12:38:46+00:00\",\"mainEntityOfPage\":{\"@id\":\"https:\/\/www.mba.magellan-institute.com\/financer-votre-mba-les-dispositifs-adaptes-a-votre-situation\/\"},\"wordCount\":354,\"commentCount\":0,\"publisher\":{\"@id\":\"https:\/\/www.mba.magellan-institute.com\/#organization\"},\"image\":{\"@id\":\"https:\/\/www.mba.magellan-institute.com\/financer-votre-mba-les-dispositifs-adaptes-a-votre-situation\/#primaryimage\"},\"thumbnailUrl\":\"https:\/\/www.mba.magellan-institute.com\/wp-content\/uploads\/sites\/2\/2025\/12\/1-1-scaled-1.jpg\",\"articleSection\":[\"FAQ\"],\"inLanguage\":\"en-US\",\"potentialAction\":[{\"@type\":\"CommentAction\",\"name\":\"Comment\",\"target\":[\"https:\/\/www.mba.magellan-institute.com\/financer-votre-mba-les-dispositifs-adaptes-a-votre-situation\/#respond\"]}]},{\"@type\":\"WebPage\",\"@id\":\"https:\/\/www.mba.magellan-institute.com\/financer-votre-mba-les-dispositifs-adaptes-a-votre-situation\/\",\"url\":\"https:\/\/www.mba.magellan-institute.com\/financer-votre-mba-les-dispositifs-adaptes-a-votre-situation\/\",\"name\":\"Financer votre MBA : les dispositifs adapt\u00e9s \u00e0 votre situation - MBA Magellan\",\"isPartOf\":{\"@id\":\"https:\/\/www.mba.magellan-institute.com\/#website\"},\"primaryImageOfPage\":{\"@id\":\"https:\/\/www.mba.magellan-institute.com\/financer-votre-mba-les-dispositifs-adaptes-a-votre-situation\/#primaryimage\"},\"image\":{\"@id\":\"https:\/\/www.mba.magellan-institute.com\/financer-votre-mba-les-dispositifs-adaptes-a-votre-situation\/#primaryimage\"},\"thumbnailUrl\":\"https:\/\/www.mba.magellan-institute.com\/wp-content\/uploads\/sites\/2\/2025\/12\/1-1-scaled-1.jpg\",\"datePublished\":\"2025-12-19T11:44:47+00:00\",\"dateModified\":\"2025-12-19T12:38:46+00:00\",\"description\":\"D\u00e9couvrez tous les dispositifs pour financer votre MBA : CPF, plan de d\u00e9veloppement des comp\u00e9tences, alternance, aides France Travail.\",\"breadcrumb\":{\"@id\":\"https:\/\/www.mba.magellan-institute.com\/financer-votre-mba-les-dispositifs-adaptes-a-votre-situation\/#breadcrumb\"},\"inLanguage\":\"en-US\",\"potentialAction\":[{\"@type\":\"ReadAction\",\"target\":[\"https:\/\/www.mba.magellan-institute.com\/financer-votre-mba-les-dispositifs-adaptes-a-votre-situation\/\"]}]},{\"@type\":\"ImageObject\",\"inLanguage\":\"en-US\",\"@id\":\"https:\/\/www.mba.magellan-institute.com\/financer-votre-mba-les-dispositifs-adaptes-a-votre-situation\/#primaryimage\",\"url\":\"https:\/\/www.mba.magellan-institute.com\/wp-content\/uploads\/sites\/2\/2025\/12\/1-1-scaled-1.jpg\",\"contentUrl\":\"https:\/\/www.mba.magellan-institute.com\/wp-content\/uploads\/sites\/2\/2025\/12\/1-1-scaled-1.jpg\",\"width\":2560,\"height\":1707},{\"@type\":\"BreadcrumbList\",\"@id\":\"https:\/\/www.mba.magellan-institute.com\/financer-votre-mba-les-dispositifs-adaptes-a-votre-situation\/#breadcrumb\",\"itemListElement\":[{\"@type\":\"ListItem\",\"position\":1,\"name\":\"Accueil\",\"item\":\"https:\/\/www.mba.magellan-institute.com\/\"},{\"@type\":\"ListItem\",\"position\":2,\"name\":\"Financer votre MBA : les dispositifs adapt\u00e9s \u00e0 votre situation\"}]},{\"@type\":\"WebSite\",\"@id\":\"https:\/\/www.mba.magellan-institute.com\/#website\",\"url\":\"https:\/\/www.mba.magellan-institute.com\/\",\"name\":\"MBA Magellan\",\"description\":\"Les MBA de l&#039;Institut Magellan\",\"publisher\":{\"@id\":\"https:\/\/www.mba.magellan-institute.com\/#organization\"},\"potentialAction\":[{\"@type\":\"SearchAction\",\"target\":{\"@type\":\"EntryPoint\",\"urlTemplate\":\"https:\/\/www.mba.magellan-institute.com\/?s={search_term_string}\"},\"query-input\":{\"@type\":\"PropertyValueSpecification\",\"valueRequired\":true,\"valueName\":\"search_term_string\"}}],\"inLanguage\":\"en-US\"},{\"@type\":\"Organization\",\"@id\":\"https:\/\/www.mba.magellan-institute.com\/#organization\",\"name\":\"MBA Magellan\",\"url\":\"https:\/\/www.mba.magellan-institute.com\/\",\"logo\":{\"@type\":\"ImageObject\",\"inLanguage\":\"en-US\",\"@id\":\"https:\/\/www.mba.magellan-institute.com\/#\/schema\/logo\/image\/\",\"url\":\"https:\/\/www.mba.magellan-institute.com\/wp-content\/uploads\/sites\/2\/2024\/06\/Institut-Magellan-logo-institutionnel-sans-tagline-_-fichier-source-grand-002.png\",\"contentUrl\":\"https:\/\/www.mba.magellan-institute.com\/wp-content\/uploads\/sites\/2\/2024\/06\/Institut-Magellan-logo-institutionnel-sans-tagline-_-fichier-source-grand-002.png\",\"width\":3401,\"height\":1862,\"caption\":\"MBA Magellan\"},\"image\":{\"@id\":\"https:\/\/www.mba.magellan-institute.com\/#\/schema\/logo\/image\/\"}},{\"@type\":\"Person\",\"@id\":\"https:\/\/www.mba.magellan-institute.com\/#\/schema\/person\/eda673bef1767e51f80fbb7f182dc48b\",\"name\":\"Mathilde de Verdun\",\"image\":{\"@type\":\"ImageObject\",\"inLanguage\":\"en-US\",\"@id\":\"https:\/\/www.mba.magellan-institute.com\/#\/schema\/person\/image\/\",\"url\":\"https:\/\/secure.gravatar.com\/avatar\/df9d523f556f542a2b7c1ed9f3fdafca1fb930402dde96c1bdc25c0fceee6df5?s=96&d=mm&r=g\",\"contentUrl\":\"https:\/\/secure.gravatar.com\/avatar\/df9d523f556f542a2b7c1ed9f3fdafca1fb930402dde96c1bdc25c0fceee6df5?s=96&d=mm&r=g\",\"caption\":\"Mathilde de Verdun\"},\"url\":\"https:\/\/www.mba.magellan-institute.com\/en\/author\/mathildedev\/\"}]}<\/script>\n<!-- \/ Yoast SEO plugin. -->","yoast_head_json":{"title":"Financer votre MBA : les dispositifs adapt\u00e9s \u00e0 votre situation - MBA Magellan","description":"D\u00e9couvrez tous les dispositifs pour financer votre MBA : CPF, plan de d\u00e9veloppement des comp\u00e9tences, alternance, aides France Travail.","robots":{"index":"index","follow":"follow","max-snippet":"max-snippet:-1","max-image-preview":"max-image-preview:large","max-video-preview":"max-video-preview:-1"},"canonical":"https:\/\/www.mba.magellan-institute.com\/en\/financer-votre-mba-les-dispositifs-adaptes-a-votre-situation\/","og_locale":"en_US","og_type":"article","og_title":"Financer votre MBA : les dispositifs adapt\u00e9s \u00e0 votre situation - MBA Magellan","og_description":"D\u00e9couvrez tous les dispositifs pour financer votre MBA : CPF, plan de d\u00e9veloppement des comp\u00e9tences, alternance, aides France Travail.","og_url":"https:\/\/www.mba.magellan-institute.com\/en\/financer-votre-mba-les-dispositifs-adaptes-a-votre-situation\/","og_site_name":"MBA Magellan","article_published_time":"2025-12-19T11:44:47+00:00","article_modified_time":"2025-12-19T12:38:46+00:00","og_image":[{"width":2560,"height":1707,"url":"https:\/\/www.mba.magellan-institute.com\/wp-content\/uploads\/sites\/2\/2025\/12\/1-1-scaled-1.jpg","type":"image\/jpeg"}],"author":"Mathilde de Verdun","twitter_card":"summary_large_image","twitter_misc":{"Written by":"Mathilde de Verdun","Est. reading time":"2 minutes"},"schema":{"@context":"https:\/\/schema.org","@graph":[{"@type":"Article","@id":"https:\/\/www.mba.magellan-institute.com\/financer-votre-mba-les-dispositifs-adaptes-a-votre-situation\/#article","isPartOf":{"@id":"https:\/\/www.mba.magellan-institute.com\/financer-votre-mba-les-dispositifs-adaptes-a-votre-situation\/"},"author":{"name":"Mathilde de Verdun","@id":"https:\/\/www.mba.magellan-institute.com\/#\/schema\/person\/eda673bef1767e51f80fbb7f182dc48b"},"headline":"Financer votre MBA : les dispositifs adapt\u00e9s \u00e0 votre situation","datePublished":"2025-12-19T11:44:47+00:00","dateModified":"2025-12-19T12:38:46+00:00","mainEntityOfPage":{"@id":"https:\/\/www.mba.magellan-institute.com\/financer-votre-mba-les-dispositifs-adaptes-a-votre-situation\/"},"wordCount":354,"commentCount":0,"publisher":{"@id":"https:\/\/www.mba.magellan-institute.com\/#organization"},"image":{"@id":"https:\/\/www.mba.magellan-institute.com\/financer-votre-mba-les-dispositifs-adaptes-a-votre-situation\/#primaryimage"},"thumbnailUrl":"https:\/\/www.mba.magellan-institute.com\/wp-content\/uploads\/sites\/2\/2025\/12\/1-1-scaled-1.jpg","articleSection":["FAQ"],"inLanguage":"en-US","potentialAction":[{"@type":"CommentAction","name":"Comment","target":["https:\/\/www.mba.magellan-institute.com\/financer-votre-mba-les-dispositifs-adaptes-a-votre-situation\/#respond"]}]},{"@type":"WebPage","@id":"https:\/\/www.mba.magellan-institute.com\/financer-votre-mba-les-dispositifs-adaptes-a-votre-situation\/","url":"https:\/\/www.mba.magellan-institute.com\/financer-votre-mba-les-dispositifs-adaptes-a-votre-situation\/","name":"Financer votre MBA : les dispositifs adapt\u00e9s \u00e0 votre situation - MBA Magellan","isPartOf":{"@id":"https:\/\/www.mba.magellan-institute.com\/#website"},"primaryImageOfPage":{"@id":"https:\/\/www.mba.magellan-institute.com\/financer-votre-mba-les-dispositifs-adaptes-a-votre-situation\/#primaryimage"},"image":{"@id":"https:\/\/www.mba.magellan-institute.com\/financer-votre-mba-les-dispositifs-adaptes-a-votre-situation\/#primaryimage"},"thumbnailUrl":"https:\/\/www.mba.magellan-institute.com\/wp-content\/uploads\/sites\/2\/2025\/12\/1-1-scaled-1.jpg","datePublished":"2025-12-19T11:44:47+00:00","dateModified":"2025-12-19T12:38:46+00:00","description":"D\u00e9couvrez tous les dispositifs pour financer votre MBA : CPF, plan de d\u00e9veloppement des comp\u00e9tences, alternance, aides France Travail.","breadcrumb":{"@id":"https:\/\/www.mba.magellan-institute.com\/financer-votre-mba-les-dispositifs-adaptes-a-votre-situation\/#breadcrumb"},"inLanguage":"en-US","potentialAction":[{"@type":"ReadAction","target":["https:\/\/www.mba.magellan-institute.com\/financer-votre-mba-les-dispositifs-adaptes-a-votre-situation\/"]}]},{"@type":"ImageObject","inLanguage":"en-US","@id":"https:\/\/www.mba.magellan-institute.com\/financer-votre-mba-les-dispositifs-adaptes-a-votre-situation\/#primaryimage","url":"https:\/\/www.mba.magellan-institute.com\/wp-content\/uploads\/sites\/2\/2025\/12\/1-1-scaled-1.jpg","contentUrl":"https:\/\/www.mba.magellan-institute.com\/wp-content\/uploads\/sites\/2\/2025\/12\/1-1-scaled-1.jpg","width":2560,"height":1707},{"@type":"BreadcrumbList","@id":"https:\/\/www.mba.magellan-institute.com\/financer-votre-mba-les-dispositifs-adaptes-a-votre-situation\/#breadcrumb","itemListElement":[{"@type":"ListItem","position":1,"name":"Accueil","item":"https:\/\/www.mba.magellan-institute.com\/"},{"@type":"ListItem","position":2,"name":"Financer votre MBA : les dispositifs adapt\u00e9s \u00e0 votre situation"}]},{"@type":"WebSite","@id":"https:\/\/www.mba.magellan-institute.com\/#website","url":"https:\/\/www.mba.magellan-institute.com\/","name":"MBA Magellan","description":"Les MBA de l&#039;Institut Magellan","publisher":{"@id":"https:\/\/www.mba.magellan-institute.com\/#organization"},"potentialAction":[{"@type":"SearchAction","target":{"@type":"EntryPoint","urlTemplate":"https:\/\/www.mba.magellan-institute.com\/?s={search_term_string}"},"query-input":{"@type":"PropertyValueSpecification","valueRequired":true,"valueName":"search_term_string"}}],"inLanguage":"en-US"},{"@type":"Organization","@id":"https:\/\/www.mba.magellan-institute.com\/#organization","name":"MBA Magellan","url":"https:\/\/www.mba.magellan-institute.com\/","logo":{"@type":"ImageObject","inLanguage":"en-US","@id":"https:\/\/www.mba.magellan-institute.com\/#\/schema\/logo\/image\/","url":"https:\/\/www.mba.magellan-institute.com\/wp-content\/uploads\/sites\/2\/2024\/06\/Institut-Magellan-logo-institutionnel-sans-tagline-_-fichier-source-grand-002.png","contentUrl":"https:\/\/www.mba.magellan-institute.com\/wp-content\/uploads\/sites\/2\/2024\/06\/Institut-Magellan-logo-institutionnel-sans-tagline-_-fichier-source-grand-002.png","width":3401,"height":1862,"caption":"MBA Magellan"},"image":{"@id":"https:\/\/www.mba.magellan-institute.com\/#\/schema\/logo\/image\/"}},{"@type":"Person","@id":"https:\/\/www.mba.magellan-institute.com\/#\/schema\/person\/eda673bef1767e51f80fbb7f182dc48b","name":"Mathilde de Verdun","image":{"@type":"ImageObject","inLanguage":"en-US","@id":"https:\/\/www.mba.magellan-institute.com\/#\/schema\/person\/image\/","url":"https:\/\/secure.gravatar.com\/avatar\/df9d523f556f542a2b7c1ed9f3fdafca1fb930402dde96c1bdc25c0fceee6df5?s=96&d=mm&r=g","contentUrl":"https:\/\/secure.gravatar.com\/avatar\/df9d523f556f542a2b7c1ed9f3fdafca1fb930402dde96c1bdc25c0fceee6df5?s=96&d=mm&r=g","caption":"Mathilde de Verdun"},"url":"https:\/\/www.mba.magellan-institute.com\/en\/author\/mathildedev\/"}]}},"_links":{"self":[{"href":"https:\/\/www.mba.magellan-institute.com\/en\/wp-json\/wp\/v2\/posts\/3157","targetHints":{"allow":["GET"]}}],"collection":[{"href":"https:\/\/www.mba.magellan-institute.com\/en\/wp-json\/wp\/v2\/posts"}],"about":[{"href":"https:\/\/www.mba.magellan-institute.com\/en\/wp-json\/wp\/v2\/types\/post"}],"author":[{"embeddable":true,"href":"https:\/\/www.mba.magellan-institute.com\/en\/wp-json\/wp\/v2\/users\/3"}],"replies":[{"embeddable":true,"href":"https:\/\/www.mba.magellan-institute.com\/en\/wp-json\/wp\/v2\/comments?post=3157"}],"version-history":[{"count":11,"href":"https:\/\/www.mba.magellan-institute.com\/en\/wp-json\/wp\/v2\/posts\/3157\/revisions"}],"predecessor-version":[{"id":3173,"href":"https:\/\/www.mba.magellan-institute.com\/en\/wp-json\/wp\/v2\/posts\/3157\/revisions\/3173"}],"wp:featuredmedia":[{"embeddable":true,"href":"https:\/\/www.mba.magellan-institute.com\/en\/wp-json\/wp\/v2\/media\/3174"}],"wp:attachment":[{"href":"https:\/\/www.mba.magellan-institute.com\/en\/wp-json\/wp\/v2\/media?parent=3157"}],"wp:term":[{"taxonomy":"category","embeddable":true,"href":"https:\/\/www.mba.magellan-institute.com\/en\/wp-json\/wp\/v2\/categories?post=3157"},{"taxonomy":"post_tag","embeddable":true,"href":"https:\/\/www.mba.magellan-institute.com\/en\/wp-json\/wp\/v2\/tags?post=3157"}],"curies":[{"name":"wp","href":"https:\/\/api.w.org\/{rel}","templated":true}]}}