{"id":1287,"date":"2025-01-28T11:33:47","date_gmt":"2025-01-28T10:33:47","guid":{"rendered":"https:\/\/www.mba.magellan-institute.com\/?p=1287"},"modified":"2025-01-30T12:21:59","modified_gmt":"2025-01-30T11:21:59","slug":"linstitut-magellan-present-au-salon-eduniversal-2025","status":"publish","type":"post","link":"https:\/\/www.mba.magellan-institute.com\/en\/linstitut-magellan-present-au-salon-eduniversal-2025\/","title":{"rendered":"Institut Magellan looks forward to seeing you at Eduniversal 2025!"},"content":{"rendered":"<div data-elementor-type=\"wp-post\" data-elementor-id=\"1287\" class=\"elementor elementor-1287\" data-elementor-post-type=\"post\">\n\t\t\t\t<div data-particle_enable=\"false\" data-particle-mobile-disabled=\"false\" class=\"elementor-element elementor-element-0d7dc70 e-flex e-con-boxed e-con e-parent\" data-id=\"0d7dc70\" data-element_type=\"container\">\n\t\t\t\t\t<div class=\"e-con-inner\">\n\t\t\t\t<div class=\"elementor-element elementor-element-8b066a5 elementor-widget elementor-widget-heading\" data-id=\"8b066a5\" data-element_type=\"widget\" data-widget_type=\"heading.default\">\n\t\t\t\t<div class=\"elementor-widget-container\">\n\t\t\t\t\t<h2 class=\"elementor-heading-title elementor-size-default\"><strong>Rencontrez l'\u00e9quipe p\u00e9dagogique et d\u00e9couvrez les MBA RH de l'Institut Magellan !<\/strong><\/h2>\t\t\t\t<\/div>\n\t\t\t\t<\/div>\n\t\t\t\t<div class=\"elementor-element elementor-element-e4c1437 elementor-widget elementor-widget-text-editor\" data-id=\"e4c1437\" data-element_type=\"widget\" data-widget_type=\"text-editor.default\">\n\t\t\t\t<div class=\"elementor-widget-container\">\n\t\t\t\t\t\t\t\t\t<p>L&rsquo;\u00e9quipe de l&rsquo;Institut Magellan vous donne rendez-vous le <strong>samedi 15 mars 2025<\/strong>\u00a0au\u00a0<span style=\"color: var( --e-global-color-primary ); text-align: var(--text-align); font-weight: bolder;\"><a href=\"https:\/\/salon-masters.com\/\">Salon Eduniversal<\/a>,\u00a0<\/span><span style=\"color: var( --e-global-color-primary ); text-align: var(--text-align);\">Espace Champerret, pour \u00e9changer sur votre projet de carri\u00e8re en RH. Une occasion unique de d\u00e9couvrir nos <\/span><strong style=\"color: var( --e-global-color-primary ); text-align: var(--text-align);\">MBA sp\u00e9cialis\u00e9s en RH internationales et C&amp;B, <\/strong><span style=\"color: var( --e-global-color-primary ); text-align: var(--text-align);\">class\u00e9s parmi les meilleurs programmes de France en Ressources Humaines.<\/span><\/p>\t\t\t\t\t\t\t\t<\/div>\n\t\t\t\t<\/div>\n\t\t\t\t<div class=\"elementor-element elementor-element-4dc42c2 elementor-widget elementor-widget-heading\" data-id=\"4dc42c2\" data-element_type=\"widget\" data-widget_type=\"heading.default\">\n\t\t\t\t<div class=\"elementor-widget-container\">\n\t\t\t\t\t<h3 class=\"elementor-heading-title elementor-size-default\">Une \u00e9quipe d'experts \u00e0 votre \u00e9coute<\/h3>\t\t\t\t<\/div>\n\t\t\t\t<\/div>\n\t\t\t\t<div class=\"elementor-element elementor-element-31f215c elementor-widget elementor-widget-text-editor\" data-id=\"31f215c\" data-element_type=\"widget\" data-widget_type=\"text-editor.default\">\n\t\t\t\t<div class=\"elementor-widget-container\">\n\t\t\t\t\t\t\t\t\t<p>Profitez de cette journ\u00e9e pour \u00e9changer directement avec :<\/p><ul><li>Notre \u00e9quipe p\u00e9dagogique sur votre projet professionnel<\/li><li>Nos intervenants et Alumni sur leur parcours\u00a0<\/li><li>Nos \u00e9tudiants actuels et d\u00e9couvrez leur quotidien<\/li><li>Notre \u00e9quipe communication<\/li><\/ul><p><strong><br \/>Temps fort &#8211; Atelier Expert \u00e0 15h<\/strong>\u00a0<br \/><span style=\"color: var( --e-global-color-primary ); font-family: var( --e-global-typography-text-font-family ), Sans-serif; font-weight: var( --e-global-typography-text-font-weight ); text-align: var(--text-align);\">Participez \u00e0 notre conf\u00e9rence sur les \u00ab\u00a03 voies d&rsquo;expertises dans les RH \u00e0 l&rsquo;international : Compensation &amp; Benefits, International Mobility, Talent Management\u00a0\u00bb et \u00e9changez avec nos intervenants sp\u00e9cialis\u00e9s.<\/span><\/p>\t\t\t\t\t\t\t\t<\/div>\n\t\t\t\t<\/div>\n\t\t\t\t<div class=\"elementor-element elementor-element-6a5fa8c elementor-widget elementor-widget-heading\" data-id=\"6a5fa8c\" data-element_type=\"widget\" data-widget_type=\"heading.default\">\n\t\t\t\t<div class=\"elementor-widget-container\">\n\t\t\t\t\t<h3 class=\"elementor-heading-title elementor-size-default\">Une formation d'excellence en RH internationales<\/h3>\t\t\t\t<\/div>\n\t\t\t\t<\/div>\n\t\t\t\t<div class=\"elementor-element elementor-element-38542d7 elementor-widget elementor-widget-text-editor\" data-id=\"38542d7\" data-element_type=\"widget\" data-widget_type=\"text-editor.default\">\n\t\t\t\t<div class=\"elementor-widget-container\">\n\t\t\t\t\t\t\t\t\t<p><strong>L&rsquo;excellence de nos formations,\u00a0<\/strong>c&rsquo;est, depuis 25 ans.\u00a0<span style=\"color: var( --e-global-color-primary ); font-family: var( --e-global-typography-text-font-family ), Sans-serif; font-weight: var( --e-global-typography-text-font-weight ); text-align: var(--text-align);\">L&rsquo;Institut Magellan se distingue par des atouts uniques qui en font une r\u00e9f\u00e9rence dans la formation aux RH internationales :<\/span><\/p><ul><li>Respectivement <strong>3\u00e8me<\/strong> (Global Compensation &amp; Benefits) et<strong> 8\u00e8me<\/strong> (International HR Management) au <a href=\"https:\/\/www.meilleurs-masters.com\/master-gestion-des-ressources-humaines.html\">classement Eduniversal 2024<\/a><\/li><li><b>Certifi\u00e9 HappyAtSchool en 2025 <\/b>avec une note globale de<b> 4,5\/5 <\/b>et un taux de recommandation de <b>92,9%<\/b><\/li><li><strong>Un <a href=\"https:\/\/www.francecompetences.fr\/recherche\/rncp\/39242\/\">titre RNCP<\/a> niveau 7<\/strong> \u00ab\u00a0Manager des Ressources Humaines Internationales\u00a0\u00bb reconnu par l&rsquo;\u00c9tat<\/li><li>90% d&rsquo;insertion professionnelle \u00e0 5 mois<\/li><li><strong>Deux learning expeditions<\/strong> \u00e0 l&rsquo;\u00e9tranger (Singapour\/Duba\u00ef et New York)<\/li><li>L&rsquo;acc\u00e8s au <strong>Cercle Magellan<\/strong>, r\u00e9seau de 1700 professionnels RH<\/li><li>Une communaut\u00e9 de plus de 600 alumni occupant des postes strat\u00e9giques dans les RH<\/li><\/ul>\t\t\t\t\t\t\t\t<\/div>\n\t\t\t\t<\/div>\n\t\t\t\t<div class=\"elementor-element elementor-element-c3346d1 elementor-widget elementor-widget-heading\" data-id=\"c3346d1\" data-element_type=\"widget\" data-widget_type=\"heading.default\">\n\t\t\t\t<div class=\"elementor-widget-container\">\n\t\t\t\t\t<h3 class=\"elementor-heading-title elementor-size-default\">Des d\u00e9bouch\u00e9s concrets et vari\u00e9s<\/h3>\t\t\t\t<\/div>\n\t\t\t\t<\/div>\n\t\t\t\t<div class=\"elementor-element elementor-element-55d5db6 elementor-widget elementor-widget-text-editor\" data-id=\"55d5db6\" data-element_type=\"widget\" data-widget_type=\"text-editor.default\">\n\t\t\t\t<div class=\"elementor-widget-container\">\n\t\t\t\t\t\t\t\t\t<p>Nos deux MBA pr\u00e9parent \u00e0 des fonctions strat\u00e9giques fortement recherch\u00e9es par les entreprises.<\/p><p>D\u00e9bouch\u00e9s et m\u00e9tiers du\u00a0<strong>MBA Global Compensation &amp; Benefits<\/strong>\u00a0:<\/p><ul><li>Responsable Compensation and Benefits \/ Head of Total Rewards<\/li><li>RRH, DRH r\u00e9gional ou pays<\/li><li>Charg\u00e9 d&rsquo;\u00e9tudes r\u00e9mun\u00e9ration<\/li><li>HR Data Analytics<\/li><li>Consultant en C&amp;B<\/li><\/ul><p><br \/>Le\u00a0<strong>MBA International HR Management<\/strong>\u00a0pr\u00e9pare aux carri\u00e8res en :<\/p><ul><li>Global Mobility Management<\/li><li>International Talent Management<\/li><li>Learning &amp; Development<\/li><li>RRH, HRBP ou DRH en France et\/ou \u00e0 l&rsquo;international\u00a0<\/li><\/ul>\t\t\t\t\t\t\t\t<\/div>\n\t\t\t\t<\/div>\n\t\t\t\t<div class=\"elementor-element elementor-element-4dc74df elementor-widget elementor-widget-heading\" data-id=\"4dc74df\" data-element_type=\"widget\" data-widget_type=\"heading.default\">\n\t\t\t\t<div class=\"elementor-widget-container\">\n\t\t\t\t\t<h3 class=\"elementor-heading-title elementor-size-default\">Une journ\u00e9e pour \u00e9changer et construire votre projet<\/h3>\t\t\t\t<\/div>\n\t\t\t\t<\/div>\n\t\t\t\t<div class=\"elementor-element elementor-element-ddb71f3 elementor-widget elementor-widget-text-editor\" data-id=\"ddb71f3\" data-element_type=\"widget\" data-widget_type=\"text-editor.default\">\n\t\t\t\t<div class=\"elementor-widget-container\">\n\t\t\t\t\t\t\t\t\t<p><strong>Pr\u00e9parez votre visite<\/strong> Notre \u00e9quipe sera disponible pour r\u00e9pondre \u00e0 toutes vos questions sur :<\/p><ul><li>Le contenu d\u00e9taill\u00e9 des programmes<\/li><li>Le processus d&rsquo;admission<\/li><li>Les options de financement<\/li><li>Les learning expeditions<\/li><li>Les d\u00e9bouch\u00e9s professionnels<\/li><\/ul>\t\t\t\t\t\t\t\t<\/div>\n\t\t\t\t<\/div>\n\t\t\t\t<div class=\"elementor-element elementor-element-cf52dba elementor-widget elementor-widget-spacer\" data-id=\"cf52dba\" data-element_type=\"widget\" data-widget_type=\"spacer.default\">\n\t\t\t\t<div class=\"elementor-widget-container\">\n\t\t\t\t\t\t\t<div class=\"elementor-spacer\">\n\t\t\t<div class=\"elementor-spacer-inner\"><\/div>\n\t\t<\/div>\n\t\t\t\t\t\t<\/div>\n\t\t\t\t<\/div>\n\t\t\t\t<div class=\"elementor-element elementor-element-795e04d elementor-cta--skin-classic elementor-animated-content elementor-bg-transform elementor-bg-transform-zoom-in elementor-widget elementor-widget-call-to-action\" data-id=\"795e04d\" data-element_type=\"widget\" data-widget_type=\"call-to-action.default\">\n\t\t\t\t<div class=\"elementor-widget-container\">\n\t\t\t\t\t\t\t<div class=\"elementor-cta\">\n\t\t\t\t\t<div class=\"elementor-cta__bg-wrapper\">\n\t\t\t\t<div class=\"elementor-cta__bg elementor-bg\" style=\"background-image: url(https:\/\/www.mba.magellan-institute.com\/wp-content\/uploads\/sites\/2\/2025\/01\/Design-sans-titre-11.png);\" role=\"img\" aria-label=\"Salon MBA RH eduniversal\"><\/div>\n\t\t\t\t<div class=\"elementor-cta__bg-overlay\"><\/div>\n\t\t\t<\/div>\n\t\t\t\t\t\t\t<div class=\"elementor-cta__content\">\n\t\t\t\t\n\t\t\t\t\t\t\t\t\t<h3 class=\"elementor-cta__title elementor-cta__content-item elementor-content-item\">\n\t\t\t\t\t\tInscrivez-vous gratuitement au salon pour nous rencontrer !\t\t\t\t\t<\/h3>\n\t\t\t\t\n\t\t\t\t\t\t\t\t\t<div class=\"elementor-cta__description elementor-cta__content-item elementor-content-item\">\n\t\t\t\t\t\tSamedi 15 mars 2025 - Espace Champerret - PARIS - 10h \u00e0 18h\t\t\t\t\t<\/div>\n\t\t\t\t\n\t\t\t\t\t\t\t\t\t<div class=\"elementor-cta__button-wrapper elementor-cta__content-item elementor-content-item\">\n\t\t\t\t\t<a class=\"elementor-cta__button elementor-button elementor-size-\" href=\"https:\/\/salon-masters.com\/register.php\">\n\t\t\t\t\t\tS'inscrire\t\t\t\t\t<\/a>\n\t\t\t\t\t<\/div>\n\t\t\t\t\t\t\t<\/div>\n\t\t\t\t\t\t<\/div>\n\t\t\t\t\t\t<\/div>\n\t\t\t\t<\/div>\n\t\t\t\t\t<\/div>\n\t\t\t\t<\/div>\n\t\t<div data-particle_enable=\"false\" data-particle-mobile-disabled=\"false\" class=\"elementor-element elementor-element-e516a27 e-flex e-con-boxed e-con e-parent\" data-id=\"e516a27\" data-element_type=\"container\">\n\t\t\t\t\t<div class=\"e-con-inner\">\n\t\t\t\t\t<\/div>\n\t\t\t\t<\/div>\n\t\t\t\t<\/div>","protected":false},"excerpt":{"rendered":"<p>D\u00e9couvrez nos MBA sp\u00e9cialis\u00e9s en RH internationales<\/p>","protected":false},"author":3,"featured_media":1313,"comment_status":"open","ping_status":"open","sticky":false,"template":"","format":"standard","meta":{"_acf_changed":false,"footnotes":""},"categories":[7],"tags":[],"class_list":["post-1287","post","type-post","status-publish","format-standard","has-post-thumbnail","hentry","category-rhspecialise"],"acf":[],"yoast_head":"<!-- This site is optimized with the Yoast SEO plugin v26.7 - https:\/\/yoast.com\/wordpress\/plugins\/seo\/ -->\n<title>L&#039;Institut Magellan vous donne rendez-vous au Salon Eduniversal 2025 ! - MBA Magellan<\/title>\n<meta name=\"description\" content=\"D\u00e9couvrez nos MBA sp\u00e9cialis\u00e9s en RH internationales lors du salon eduniversal 2025 des meilleurs masters, MS et MBA.\" \/>\n<meta name=\"robots\" content=\"index, follow, max-snippet:-1, max-image-preview:large, max-video-preview:-1\" \/>\n<link rel=\"canonical\" href=\"https:\/\/www.mba.magellan-institute.com\/en\/linstitut-magellan-present-au-salon-eduniversal-2025\/\" \/>\n<meta property=\"og:locale\" content=\"en_US\" \/>\n<meta property=\"og:type\" content=\"article\" \/>\n<meta property=\"og:title\" content=\"L&#039;Institut Magellan vous donne rendez-vous au Salon Eduniversal 2025 ! - MBA Magellan\" \/>\n<meta property=\"og:description\" content=\"D\u00e9couvrez nos MBA sp\u00e9cialis\u00e9s en RH internationales lors du salon eduniversal 2025 des meilleurs masters, MS et MBA.\" \/>\n<meta property=\"og:url\" content=\"https:\/\/www.mba.magellan-institute.com\/en\/linstitut-magellan-present-au-salon-eduniversal-2025\/\" \/>\n<meta property=\"og:site_name\" content=\"MBA Magellan\" \/>\n<meta property=\"article:published_time\" content=\"2025-01-28T10:33:47+00:00\" \/>\n<meta property=\"article:modified_time\" content=\"2025-01-30T11:21:59+00:00\" \/>\n<meta property=\"og:image\" content=\"https:\/\/www.mba.magellan-institute.com\/wp-content\/uploads\/sites\/2\/2025\/01\/Design-sans-titre-11.png\" \/>\n\t<meta property=\"og:image:width\" content=\"940\" \/>\n\t<meta property=\"og:image:height\" content=\"348\" \/>\n\t<meta property=\"og:image:type\" content=\"image\/png\" \/>\n<meta name=\"author\" content=\"Mathilde de Verdun\" \/>\n<meta name=\"twitter:card\" content=\"summary_large_image\" \/>\n<meta name=\"twitter:label1\" content=\"Written by\" \/>\n\t<meta name=\"twitter:data1\" content=\"Mathilde de Verdun\" \/>\n\t<meta name=\"twitter:label2\" content=\"Est. reading time\" \/>\n\t<meta name=\"twitter:data2\" content=\"2 minutes\" \/>\n<script type=\"application\/ld+json\" class=\"yoast-schema-graph\">{\"@context\":\"https:\/\/schema.org\",\"@graph\":[{\"@type\":\"Article\",\"@id\":\"https:\/\/www.mba.magellan-institute.com\/linstitut-magellan-present-au-salon-eduniversal-2025\/#article\",\"isPartOf\":{\"@id\":\"https:\/\/www.mba.magellan-institute.com\/linstitut-magellan-present-au-salon-eduniversal-2025\/\"},\"author\":{\"name\":\"Mathilde de Verdun\",\"@id\":\"https:\/\/www.mba.magellan-institute.com\/#\/schema\/person\/eda673bef1767e51f80fbb7f182dc48b\"},\"headline\":\"L&rsquo;Institut Magellan vous donne rendez-vous au Salon Eduniversal 2025 !\",\"datePublished\":\"2025-01-28T10:33:47+00:00\",\"dateModified\":\"2025-01-30T11:21:59+00:00\",\"mainEntityOfPage\":{\"@id\":\"https:\/\/www.mba.magellan-institute.com\/linstitut-magellan-present-au-salon-eduniversal-2025\/\"},\"wordCount\":432,\"commentCount\":0,\"publisher\":{\"@id\":\"https:\/\/www.mba.magellan-institute.com\/#organization\"},\"image\":{\"@id\":\"https:\/\/www.mba.magellan-institute.com\/linstitut-magellan-present-au-salon-eduniversal-2025\/#primaryimage\"},\"thumbnailUrl\":\"https:\/\/www.mba.magellan-institute.com\/wp-content\/uploads\/sites\/2\/2025\/01\/Design-sans-titre-11.png\",\"articleSection\":[\"RHSpecialise\"],\"inLanguage\":\"en-US\",\"potentialAction\":[{\"@type\":\"CommentAction\",\"name\":\"Comment\",\"target\":[\"https:\/\/www.mba.magellan-institute.com\/linstitut-magellan-present-au-salon-eduniversal-2025\/#respond\"]}]},{\"@type\":\"WebPage\",\"@id\":\"https:\/\/www.mba.magellan-institute.com\/linstitut-magellan-present-au-salon-eduniversal-2025\/\",\"url\":\"https:\/\/www.mba.magellan-institute.com\/linstitut-magellan-present-au-salon-eduniversal-2025\/\",\"name\":\"L'Institut Magellan vous donne rendez-vous au Salon Eduniversal 2025 ! - MBA Magellan\",\"isPartOf\":{\"@id\":\"https:\/\/www.mba.magellan-institute.com\/#website\"},\"primaryImageOfPage\":{\"@id\":\"https:\/\/www.mba.magellan-institute.com\/linstitut-magellan-present-au-salon-eduniversal-2025\/#primaryimage\"},\"image\":{\"@id\":\"https:\/\/www.mba.magellan-institute.com\/linstitut-magellan-present-au-salon-eduniversal-2025\/#primaryimage\"},\"thumbnailUrl\":\"https:\/\/www.mba.magellan-institute.com\/wp-content\/uploads\/sites\/2\/2025\/01\/Design-sans-titre-11.png\",\"datePublished\":\"2025-01-28T10:33:47+00:00\",\"dateModified\":\"2025-01-30T11:21:59+00:00\",\"description\":\"D\u00e9couvrez nos MBA sp\u00e9cialis\u00e9s en RH internationales lors du salon eduniversal 2025 des meilleurs masters, MS et MBA.\",\"breadcrumb\":{\"@id\":\"https:\/\/www.mba.magellan-institute.com\/linstitut-magellan-present-au-salon-eduniversal-2025\/#breadcrumb\"},\"inLanguage\":\"en-US\",\"potentialAction\":[{\"@type\":\"ReadAction\",\"target\":[\"https:\/\/www.mba.magellan-institute.com\/linstitut-magellan-present-au-salon-eduniversal-2025\/\"]}]},{\"@type\":\"ImageObject\",\"inLanguage\":\"en-US\",\"@id\":\"https:\/\/www.mba.magellan-institute.com\/linstitut-magellan-present-au-salon-eduniversal-2025\/#primaryimage\",\"url\":\"https:\/\/www.mba.magellan-institute.com\/wp-content\/uploads\/sites\/2\/2025\/01\/Design-sans-titre-11.png\",\"contentUrl\":\"https:\/\/www.mba.magellan-institute.com\/wp-content\/uploads\/sites\/2\/2025\/01\/Design-sans-titre-11.png\",\"width\":940,\"height\":348},{\"@type\":\"BreadcrumbList\",\"@id\":\"https:\/\/www.mba.magellan-institute.com\/linstitut-magellan-present-au-salon-eduniversal-2025\/#breadcrumb\",\"itemListElement\":[{\"@type\":\"ListItem\",\"position\":1,\"name\":\"Accueil\",\"item\":\"https:\/\/www.mba.magellan-institute.com\/\"},{\"@type\":\"ListItem\",\"position\":2,\"name\":\"L&rsquo;Institut Magellan vous donne rendez-vous au Salon Eduniversal 2025 !\"}]},{\"@type\":\"WebSite\",\"@id\":\"https:\/\/www.mba.magellan-institute.com\/#website\",\"url\":\"https:\/\/www.mba.magellan-institute.com\/\",\"name\":\"MBA Magellan\",\"description\":\"Les MBA de l&#039;Institut Magellan\",\"publisher\":{\"@id\":\"https:\/\/www.mba.magellan-institute.com\/#organization\"},\"potentialAction\":[{\"@type\":\"SearchAction\",\"target\":{\"@type\":\"EntryPoint\",\"urlTemplate\":\"https:\/\/www.mba.magellan-institute.com\/?s={search_term_string}\"},\"query-input\":{\"@type\":\"PropertyValueSpecification\",\"valueRequired\":true,\"valueName\":\"search_term_string\"}}],\"inLanguage\":\"en-US\"},{\"@type\":\"Organization\",\"@id\":\"https:\/\/www.mba.magellan-institute.com\/#organization\",\"name\":\"MBA Magellan\",\"url\":\"https:\/\/www.mba.magellan-institute.com\/\",\"logo\":{\"@type\":\"ImageObject\",\"inLanguage\":\"en-US\",\"@id\":\"https:\/\/www.mba.magellan-institute.com\/#\/schema\/logo\/image\/\",\"url\":\"https:\/\/www.mba.magellan-institute.com\/wp-content\/uploads\/sites\/2\/2024\/06\/Institut-Magellan-logo-institutionnel-sans-tagline-_-fichier-source-grand-002.png\",\"contentUrl\":\"https:\/\/www.mba.magellan-institute.com\/wp-content\/uploads\/sites\/2\/2024\/06\/Institut-Magellan-logo-institutionnel-sans-tagline-_-fichier-source-grand-002.png\",\"width\":3401,\"height\":1862,\"caption\":\"MBA Magellan\"},\"image\":{\"@id\":\"https:\/\/www.mba.magellan-institute.com\/#\/schema\/logo\/image\/\"}},{\"@type\":\"Person\",\"@id\":\"https:\/\/www.mba.magellan-institute.com\/#\/schema\/person\/eda673bef1767e51f80fbb7f182dc48b\",\"name\":\"Mathilde de Verdun\",\"image\":{\"@type\":\"ImageObject\",\"inLanguage\":\"en-US\",\"@id\":\"https:\/\/www.mba.magellan-institute.com\/#\/schema\/person\/image\/\",\"url\":\"https:\/\/secure.gravatar.com\/avatar\/df9d523f556f542a2b7c1ed9f3fdafca1fb930402dde96c1bdc25c0fceee6df5?s=96&d=mm&r=g\",\"contentUrl\":\"https:\/\/secure.gravatar.com\/avatar\/df9d523f556f542a2b7c1ed9f3fdafca1fb930402dde96c1bdc25c0fceee6df5?s=96&d=mm&r=g\",\"caption\":\"Mathilde de Verdun\"},\"url\":\"https:\/\/www.mba.magellan-institute.com\/en\/author\/mathildedev\/\"}]}<\/script>\n<!-- \/ Yoast SEO plugin. -->","yoast_head_json":{"title":"L'Institut Magellan vous donne rendez-vous au Salon Eduniversal 2025 ! - MBA Magellan","description":"D\u00e9couvrez nos MBA sp\u00e9cialis\u00e9s en RH internationales lors du salon eduniversal 2025 des meilleurs masters, MS et MBA.","robots":{"index":"index","follow":"follow","max-snippet":"max-snippet:-1","max-image-preview":"max-image-preview:large","max-video-preview":"max-video-preview:-1"},"canonical":"https:\/\/www.mba.magellan-institute.com\/en\/linstitut-magellan-present-au-salon-eduniversal-2025\/","og_locale":"en_US","og_type":"article","og_title":"L'Institut Magellan vous donne rendez-vous au Salon Eduniversal 2025 ! - MBA Magellan","og_description":"D\u00e9couvrez nos MBA sp\u00e9cialis\u00e9s en RH internationales lors du salon eduniversal 2025 des meilleurs masters, MS et MBA.","og_url":"https:\/\/www.mba.magellan-institute.com\/en\/linstitut-magellan-present-au-salon-eduniversal-2025\/","og_site_name":"MBA Magellan","article_published_time":"2025-01-28T10:33:47+00:00","article_modified_time":"2025-01-30T11:21:59+00:00","og_image":[{"width":940,"height":348,"url":"https:\/\/www.mba.magellan-institute.com\/wp-content\/uploads\/sites\/2\/2025\/01\/Design-sans-titre-11.png","type":"image\/png"}],"author":"Mathilde de Verdun","twitter_card":"summary_large_image","twitter_misc":{"Written by":"Mathilde de Verdun","Est. reading time":"2 minutes"},"schema":{"@context":"https:\/\/schema.org","@graph":[{"@type":"Article","@id":"https:\/\/www.mba.magellan-institute.com\/linstitut-magellan-present-au-salon-eduniversal-2025\/#article","isPartOf":{"@id":"https:\/\/www.mba.magellan-institute.com\/linstitut-magellan-present-au-salon-eduniversal-2025\/"},"author":{"name":"Mathilde de Verdun","@id":"https:\/\/www.mba.magellan-institute.com\/#\/schema\/person\/eda673bef1767e51f80fbb7f182dc48b"},"headline":"L&rsquo;Institut Magellan vous donne rendez-vous au Salon Eduniversal 2025 !","datePublished":"2025-01-28T10:33:47+00:00","dateModified":"2025-01-30T11:21:59+00:00","mainEntityOfPage":{"@id":"https:\/\/www.mba.magellan-institute.com\/linstitut-magellan-present-au-salon-eduniversal-2025\/"},"wordCount":432,"commentCount":0,"publisher":{"@id":"https:\/\/www.mba.magellan-institute.com\/#organization"},"image":{"@id":"https:\/\/www.mba.magellan-institute.com\/linstitut-magellan-present-au-salon-eduniversal-2025\/#primaryimage"},"thumbnailUrl":"https:\/\/www.mba.magellan-institute.com\/wp-content\/uploads\/sites\/2\/2025\/01\/Design-sans-titre-11.png","articleSection":["RHSpecialise"],"inLanguage":"en-US","potentialAction":[{"@type":"CommentAction","name":"Comment","target":["https:\/\/www.mba.magellan-institute.com\/linstitut-magellan-present-au-salon-eduniversal-2025\/#respond"]}]},{"@type":"WebPage","@id":"https:\/\/www.mba.magellan-institute.com\/linstitut-magellan-present-au-salon-eduniversal-2025\/","url":"https:\/\/www.mba.magellan-institute.com\/linstitut-magellan-present-au-salon-eduniversal-2025\/","name":"L'Institut Magellan vous donne rendez-vous au Salon Eduniversal 2025 ! - MBA Magellan","isPartOf":{"@id":"https:\/\/www.mba.magellan-institute.com\/#website"},"primaryImageOfPage":{"@id":"https:\/\/www.mba.magellan-institute.com\/linstitut-magellan-present-au-salon-eduniversal-2025\/#primaryimage"},"image":{"@id":"https:\/\/www.mba.magellan-institute.com\/linstitut-magellan-present-au-salon-eduniversal-2025\/#primaryimage"},"thumbnailUrl":"https:\/\/www.mba.magellan-institute.com\/wp-content\/uploads\/sites\/2\/2025\/01\/Design-sans-titre-11.png","datePublished":"2025-01-28T10:33:47+00:00","dateModified":"2025-01-30T11:21:59+00:00","description":"D\u00e9couvrez nos MBA sp\u00e9cialis\u00e9s en RH internationales lors du salon eduniversal 2025 des meilleurs masters, MS et MBA.","breadcrumb":{"@id":"https:\/\/www.mba.magellan-institute.com\/linstitut-magellan-present-au-salon-eduniversal-2025\/#breadcrumb"},"inLanguage":"en-US","potentialAction":[{"@type":"ReadAction","target":["https:\/\/www.mba.magellan-institute.com\/linstitut-magellan-present-au-salon-eduniversal-2025\/"]}]},{"@type":"ImageObject","inLanguage":"en-US","@id":"https:\/\/www.mba.magellan-institute.com\/linstitut-magellan-present-au-salon-eduniversal-2025\/#primaryimage","url":"https:\/\/www.mba.magellan-institute.com\/wp-content\/uploads\/sites\/2\/2025\/01\/Design-sans-titre-11.png","contentUrl":"https:\/\/www.mba.magellan-institute.com\/wp-content\/uploads\/sites\/2\/2025\/01\/Design-sans-titre-11.png","width":940,"height":348},{"@type":"BreadcrumbList","@id":"https:\/\/www.mba.magellan-institute.com\/linstitut-magellan-present-au-salon-eduniversal-2025\/#breadcrumb","itemListElement":[{"@type":"ListItem","position":1,"name":"Accueil","item":"https:\/\/www.mba.magellan-institute.com\/"},{"@type":"ListItem","position":2,"name":"L&rsquo;Institut Magellan vous donne rendez-vous au Salon Eduniversal 2025 !"}]},{"@type":"WebSite","@id":"https:\/\/www.mba.magellan-institute.com\/#website","url":"https:\/\/www.mba.magellan-institute.com\/","name":"MBA Magellan","description":"Les MBA de l&#039;Institut Magellan","publisher":{"@id":"https:\/\/www.mba.magellan-institute.com\/#organization"},"potentialAction":[{"@type":"SearchAction","target":{"@type":"EntryPoint","urlTemplate":"https:\/\/www.mba.magellan-institute.com\/?s={search_term_string}"},"query-input":{"@type":"PropertyValueSpecification","valueRequired":true,"valueName":"search_term_string"}}],"inLanguage":"en-US"},{"@type":"Organization","@id":"https:\/\/www.mba.magellan-institute.com\/#organization","name":"MBA Magellan","url":"https:\/\/www.mba.magellan-institute.com\/","logo":{"@type":"ImageObject","inLanguage":"en-US","@id":"https:\/\/www.mba.magellan-institute.com\/#\/schema\/logo\/image\/","url":"https:\/\/www.mba.magellan-institute.com\/wp-content\/uploads\/sites\/2\/2024\/06\/Institut-Magellan-logo-institutionnel-sans-tagline-_-fichier-source-grand-002.png","contentUrl":"https:\/\/www.mba.magellan-institute.com\/wp-content\/uploads\/sites\/2\/2024\/06\/Institut-Magellan-logo-institutionnel-sans-tagline-_-fichier-source-grand-002.png","width":3401,"height":1862,"caption":"MBA Magellan"},"image":{"@id":"https:\/\/www.mba.magellan-institute.com\/#\/schema\/logo\/image\/"}},{"@type":"Person","@id":"https:\/\/www.mba.magellan-institute.com\/#\/schema\/person\/eda673bef1767e51f80fbb7f182dc48b","name":"Mathilde de Verdun","image":{"@type":"ImageObject","inLanguage":"en-US","@id":"https:\/\/www.mba.magellan-institute.com\/#\/schema\/person\/image\/","url":"https:\/\/secure.gravatar.com\/avatar\/df9d523f556f542a2b7c1ed9f3fdafca1fb930402dde96c1bdc25c0fceee6df5?s=96&d=mm&r=g","contentUrl":"https:\/\/secure.gravatar.com\/avatar\/df9d523f556f542a2b7c1ed9f3fdafca1fb930402dde96c1bdc25c0fceee6df5?s=96&d=mm&r=g","caption":"Mathilde de Verdun"},"url":"https:\/\/www.mba.magellan-institute.com\/en\/author\/mathildedev\/"}]}},"_links":{"self":[{"href":"https:\/\/www.mba.magellan-institute.com\/en\/wp-json\/wp\/v2\/posts\/1287","targetHints":{"allow":["GET"]}}],"collection":[{"href":"https:\/\/www.mba.magellan-institute.com\/en\/wp-json\/wp\/v2\/posts"}],"about":[{"href":"https:\/\/www.mba.magellan-institute.com\/en\/wp-json\/wp\/v2\/types\/post"}],"author":[{"embeddable":true,"href":"https:\/\/www.mba.magellan-institute.com\/en\/wp-json\/wp\/v2\/users\/3"}],"replies":[{"embeddable":true,"href":"https:\/\/www.mba.magellan-institute.com\/en\/wp-json\/wp\/v2\/comments?post=1287"}],"version-history":[{"count":54,"href":"https:\/\/www.mba.magellan-institute.com\/en\/wp-json\/wp\/v2\/posts\/1287\/revisions"}],"predecessor-version":[{"id":1390,"href":"https:\/\/www.mba.magellan-institute.com\/en\/wp-json\/wp\/v2\/posts\/1287\/revisions\/1390"}],"wp:featuredmedia":[{"embeddable":true,"href":"https:\/\/www.mba.magellan-institute.com\/en\/wp-json\/wp\/v2\/media\/1313"}],"wp:attachment":[{"href":"https:\/\/www.mba.magellan-institute.com\/en\/wp-json\/wp\/v2\/media?parent=1287"}],"wp:term":[{"taxonomy":"category","embeddable":true,"href":"https:\/\/www.mba.magellan-institute.com\/en\/wp-json\/wp\/v2\/categories?post=1287"},{"taxonomy":"post_tag","embeddable":true,"href":"https:\/\/www.mba.magellan-institute.com\/en\/wp-json\/wp\/v2\/tags?post=1287"}],"curies":[{"name":"wp","href":"https:\/\/api.w.org\/{rel}","templated":true}]}}